{"id":8701,"date":"2024-06-27T11:01:02","date_gmt":"2024-06-27T15:01:02","guid":{"rendered":"https:\/\/savoureaston.ca\/article\/a-la-decouverte-du-verger-davondale-retablir-le-lien-avec-la-terre-a-avondale\/"},"modified":"2024-07-02T10:49:05","modified_gmt":"2024-07-02T14:49:05","slug":"a-la-decouverte-du-verger-davondale-retablir-le-lien-avec-la-terre-a-avondale","status":"publish","type":"article","link":"https:\/\/savoureaston.ca\/fr\/article\/a-la-decouverte-du-verger-davondale-retablir-le-lien-avec-la-terre-a-avondale\/","title":{"rendered":"D\u00e9couvrez Le Verger d&rsquo;Avondale"},"content":{"rendered":"\t\t<div data-elementor-type=\"wp-post\" data-elementor-id=\"8701\" class=\"elementor elementor-8701 elementor-8686\" data-elementor-post-type=\"article\">\n\t\t\t\t\t\t<section class=\"elementor-section elementor-top-section elementor-element elementor-element-c69ddd0 elementor-section-boxed elementor-section-height-default elementor-section-height-default\" data-id=\"c69ddd0\" data-element_type=\"section\" data-e-type=\"section\">\n\t\t\t\t\t\t<div class=\"elementor-container elementor-column-gap-default\">\n\t\t\t\t\t<div class=\"elementor-column elementor-col-100 elementor-top-column elementor-element elementor-element-af8327b\" data-id=\"af8327b\" data-element_type=\"column\" data-e-type=\"column\">\n\t\t\t<div class=\"elementor-widget-wrap elementor-element-populated\">\n\t\t\t\t\t\t<div class=\"elementor-element elementor-element-df6fd04 elementor-widget elementor-widget-text-editor\" data-id=\"df6fd04\" data-element_type=\"widget\" data-e-type=\"widget\" data-widget_type=\"text-editor.default\">\n\t\t\t\t<div class=\"elementor-widget-container\">\n\t\t\t\t\t\t\t\t\t<p dir=\"ltr\" style=\"line-height: 1.38; margin-top: 12pt; margin-bottom: 12pt;\">Dany Vaillancourt, originaire de Saguenay, et V\u00e9ronique Gerland, native de Provence, forment un couple atypique qui a fait le choix courageux de renouer avec leurs racines agricoles. Bien que n\u00e9s en milieu urbain, leurs familles avaient conserv\u00e9 certaines traditions agricoles, comme la cueillette et le potager, t\u00e9moignant des derniers liens avec la terre dans un monde de plus en plus domin\u00e9 par l&rsquo;agriculture industrielle.<\/p>\n<p dir=\"ltr\" style=\"line-height: 1.38; margin-top: 12pt; margin-bottom: 12pt;\">Leur voyage vers une vie plus proche de la nature a \u00e9t\u00e9 inspir\u00e9 par une profonde conviction : \u00ab Nous sommes ce que nous mangeons \u00bb. Cette prise de conscience les a men\u00e9s \u00e0 explorer le lien crucial entre alimentation et sant\u00e9, appuy\u00e9s par les recherches du Pr Walter Willet de Harvard, d\u00e9montrant depuis les ann\u00e9es 1970 l&rsquo;impact crucial de notre alimentation sur notre bien-\u00eatre.<\/p>\n<p dir=\"ltr\" style=\"line-height: 1.38; margin-top: 12pt; margin-bottom: 12pt;\">Malgr\u00e9 des efforts pour adopter une alimentation saine, incluant l&rsquo;achat direct aupr\u00e8s de fermiers et la cuisine maison, ils ont ressenti les limites impos\u00e9es par la d\u00e9pendance aux supermarch\u00e9s et \u00e0 l&rsquo;agriculture de masse. Pour V\u00e9ronique, confront\u00e9e \u00e0 des d\u00e9fis de sant\u00e9 personnels, cela a \u00e9t\u00e9 une \u00e9tape d\u00e9cisive qui l&rsquo;a men\u00e9e \u00e0 devenir nutrith\u00e9rapeute \u00e0 Montr\u00e9al, offrant consultations et ateliers pour aider les autres \u00e0 faire des choix alimentaires \u00e9clair\u00e9s.<\/p>\n<p dir=\"ltr\" style=\"line-height: 1.38; margin-top: 12pt; margin-bottom: 12pt;\">Cependant, ils ont r\u00e9alis\u00e9 que conseiller n&rsquo;\u00e9tait pas suffisant : beaucoup ne pouvaient acc\u00e9der \u00e0 des aliments sains \u00e0 des prix abordables, ou \u00e9taient influenc\u00e9s par des tendances alimentaires souvent incompatibles avec une v\u00e9ritable sant\u00e9. C&rsquo;est ainsi qu&rsquo;est n\u00e9 leur projet, non comme une r\u00e9volte contre le syst\u00e8me en place, mais comme une d\u00e9monstration de ce qui est possible : Le Verger d\u2019Avondale.<\/p>\n<p dir=\"ltr\" style=\"line-height: 1.38; margin-top: 12pt; margin-bottom: 12pt;\"><strong>Une vision pour un avenir durable<\/strong><br \/>Appel\u00e9 initialement Red Barn en 2018, l\u2019acquisition d\u2019une terre agricole de 20 acres en 2020 a permis \u00e0 Dany et V\u00e9ronique de franchir une \u00e9tape d\u00e9cisive dans la cr\u00e9ation du Verger d\u2019Avondale. Le projet se distingue r\u00e9solument de l\u2019agriculture conventionnelle, synonyme de pollution, de non-respect des principes de vie, d\u2019endettement et de d\u00e9pendance aux multinationales ax\u00e9es sur le profit. Le Verger d\u2019Avondale adoptera un mod\u00e8le d&rsquo;agriculture durable en appliquant les principes de la permaculture et en maximisant les pratiques biologiques.<\/p>\n<p dir=\"ltr\" style=\"line-height: 1.38; margin-top: 12pt; margin-bottom: 12pt;\">Le projet a consist\u00e9 \u00e0 cr\u00e9er un verger comprenant des arbres fruitiers non conventionnels, des fruitiers rustiques, des noisetiers et des cultures de petits fruits. Bien que ne se limitant pas \u00e0 l&rsquo;agroforesterie, le verger accueille \u00e9galement des cultures diversifi\u00e9es telles que l&rsquo;ail, les courges patrimoniales, la rhubarbe, ainsi que la lavande. En r\u00e9duisant la d\u00e9pendance aux intrants comme le p\u00e9trole et les fertilisants, l\u2019\u00e9levage en p\u00e2turage d\u2019un petit troupeau de moutons et d\u2019agneaux contribuera \u00e0 cr\u00e9er un cercle vertueux et autonome. Ces animaux jouent un r\u00f4le crucial en aidant \u00e0 faucher, \u00e0 enrichir le sol, \u00e0 limiter les \u00e9missions de gaz \u00e0 effet de serre et \u00e0 nourrir plusieurs familles, tout en b\u00e9n\u00e9ficiant de conditions de vie respectueuses.<\/p>\n<p dir=\"ltr\" style=\"line-height: 1.38; margin-top: 12pt; margin-bottom: 12pt;\">Le volet Red Barn du projet, maintenu depuis ses d\u00e9buts, se concentre sur l\u2019essentiel des besoins alimentaires de la famille. Sur 3 acres, il comprend un potager, un jardin d\u2019herbes et de l\u00e9gumes vivaces, ainsi que dans le futur un petit \u00e9levage de poulets, de dindes et de lapins. Une des activit\u00e9s de transformation est actuellement en d\u00e9veloppement avec la cr\u00e9ation d\u2019une cuisine pour la pr\u00e9paration de sirop de petits fruits, de confitures et de plats \u00e0 base d\u2019agneau en conserve. De plus, des activit\u00e9s type conf\u00e9rence dans le verger ont lieu une \u00e0 deux fois par ann\u00e9e pour partager leur savoir-faire et leur philosophie avec la communaut\u00e9.<\/p>\n<p dir=\"ltr\" style=\"line-height: 1.38; margin-top: 12pt; margin-bottom: 12pt;\">Situ\u00e9 dans l&rsquo;Est de l&rsquo;Ontario, \u00e0 South Glengarry, \u00e0 une heure de route de Montr\u00e9al et d&rsquo;Ottawa, Le Verger d\u2019Avondale \u2013 Avondale\u2019s Orchard tire son nom du village historique d&rsquo;Avondale, aujourd&rsquo;hui un lieu-dit. Pour Dany et V\u00e9ronique, ce projet n\u2019est pas seulement une entreprise, mais une invitation \u00e0 repenser notre relation avec la terre et notre alimentation, pour un avenir plus durable et harmonieux.<br \/>Ensemble, ils d\u00e9montrent que l&rsquo;avenir de notre alimentation r\u00e9side dans la r\u00e9conciliation avec nos traditions agricoles et la prise de conscience des choix que nous faisons chaque jour. Ce projet incarne ce retour aux sources, o\u00f9 chaque fruit et l\u00e9gume cultiv\u00e9 raconte une histoire de respect et d&rsquo;engagement envers la sant\u00e9 individuelle et plan\u00e9taire.<\/p>\n\t\t\t\t\t\t\t\t<\/div>\n\t\t\t\t<\/div>\n\t\t\t\t\t<\/div>\n\t\t<\/div>\n\t\t\t\t\t<\/div>\n\t\t<\/section>\n\t\t\t\t<\/div>\n\t\t","protected":false},"excerpt":{"rendered":"<p>Dany Vaillancourt, originaire de Saguenay, et V\u00e9ronique Gerland, native de Provence, forment un couple atypique qui a fait le choix courageux de renouer avec leurs racines agricoles. Bien que n\u00e9s en milieu urbain, leurs familles avaient conserv\u00e9 certaines traditions agricoles, comme la cueillette et le potager, t\u00e9moignant des derniers liens avec la terre dans un [&hellip;]<\/p>\n","protected":false},"featured_media":8694,"template":"","meta":[],"subject":[],"class_list":["post-8701","article","type-article","status-publish","has-post-thumbnail","hentry"],"yoast_head":"<!-- This site is optimized with the Yoast SEO plugin v27.2 - https:\/\/yoast.com\/product\/yoast-seo-wordpress\/ -->\n<title>D\u00e9couvrez Le Verger d&#039;Avondale - Savour East Ontario<\/title>\n<meta name=\"robots\" content=\"index, follow, max-snippet:-1, max-image-preview:large, max-video-preview:-1\" \/>\n<link rel=\"canonical\" href=\"https:\/\/savoureaston.ca\/fr\/article\/a-la-decouverte-du-verger-davondale-retablir-le-lien-avec-la-terre-a-avondale\/\" \/>\n<meta property=\"og:locale\" content=\"fr_CA\" \/>\n<meta property=\"og:type\" content=\"article\" \/>\n<meta property=\"og:title\" content=\"D\u00e9couvrez Le Verger d&#039;Avondale - Savour East Ontario\" \/>\n<meta property=\"og:description\" content=\"Dany Vaillancourt, originaire de Saguenay, et V\u00e9ronique Gerland, native de Provence, forment un couple atypique qui a fait le choix courageux de renouer avec leurs racines agricoles. Bien que n\u00e9s en milieu urbain, leurs familles avaient conserv\u00e9 certaines traditions agricoles, comme la cueillette et le potager, t\u00e9moignant des derniers liens avec la terre dans un [&hellip;]\" \/>\n<meta property=\"og:url\" content=\"https:\/\/savoureaston.ca\/fr\/article\/a-la-decouverte-du-verger-davondale-retablir-le-lien-avec-la-terre-a-avondale\/\" \/>\n<meta property=\"og:site_name\" content=\"Savour East Ontario\" \/>\n<meta property=\"article:publisher\" content=\"https:\/\/www.facebook.com\/EastON.EstON\" \/>\n<meta property=\"article:modified_time\" content=\"2024-07-02T14:49:05+00:00\" \/>\n<meta property=\"og:image\" content=\"https:\/\/savoureaston.ca\/wp-content\/uploads\/2024\/06\/DiscoverAvondaleOrchard_article_june24-2.jpg\" \/>\n\t<meta property=\"og:image:width\" content=\"1280\" \/>\n\t<meta property=\"og:image:height\" content=\"720\" \/>\n\t<meta property=\"og:image:type\" content=\"image\/jpeg\" \/>\n<meta name=\"twitter:card\" content=\"summary_large_image\" \/>\n<meta name=\"twitter:label1\" content=\"Estimation du temps de lecture\" \/>\n\t<meta name=\"twitter:data1\" content=\"4 minutes\" \/>\n<script type=\"application\/ld+json\" class=\"yoast-schema-graph\">{\"@context\":\"https:\/\/schema.org\",\"@graph\":[{\"@type\":\"WebPage\",\"@id\":\"https:\/\/savoureaston.ca\/fr\/article\/a-la-decouverte-du-verger-davondale-retablir-le-lien-avec-la-terre-a-avondale\/\",\"url\":\"https:\/\/savoureaston.ca\/fr\/article\/a-la-decouverte-du-verger-davondale-retablir-le-lien-avec-la-terre-a-avondale\/\",\"name\":\"D\u00e9couvrez Le Verger d'Avondale - Savour East Ontario\",\"isPartOf\":{\"@id\":\"https:\/\/savoureaston.ca\/fr\/#website\"},\"primaryImageOfPage\":{\"@id\":\"https:\/\/savoureaston.ca\/fr\/article\/a-la-decouverte-du-verger-davondale-retablir-le-lien-avec-la-terre-a-avondale\/#primaryimage\"},\"image\":{\"@id\":\"https:\/\/savoureaston.ca\/fr\/article\/a-la-decouverte-du-verger-davondale-retablir-le-lien-avec-la-terre-a-avondale\/#primaryimage\"},\"thumbnailUrl\":\"https:\/\/savoureaston.ca\/wp-content\/uploads\/2024\/06\/DiscoverAvondaleOrchard_article_june24-2.jpg\",\"datePublished\":\"2024-06-27T15:01:02+00:00\",\"dateModified\":\"2024-07-02T14:49:05+00:00\",\"breadcrumb\":{\"@id\":\"https:\/\/savoureaston.ca\/fr\/article\/a-la-decouverte-du-verger-davondale-retablir-le-lien-avec-la-terre-a-avondale\/#breadcrumb\"},\"inLanguage\":\"fr-CA\",\"potentialAction\":[{\"@type\":\"ReadAction\",\"target\":[\"https:\/\/savoureaston.ca\/fr\/article\/a-la-decouverte-du-verger-davondale-retablir-le-lien-avec-la-terre-a-avondale\/\"]}]},{\"@type\":\"ImageObject\",\"inLanguage\":\"fr-CA\",\"@id\":\"https:\/\/savoureaston.ca\/fr\/article\/a-la-decouverte-du-verger-davondale-retablir-le-lien-avec-la-terre-a-avondale\/#primaryimage\",\"url\":\"https:\/\/savoureaston.ca\/wp-content\/uploads\/2024\/06\/DiscoverAvondaleOrchard_article_june24-2.jpg\",\"contentUrl\":\"https:\/\/savoureaston.ca\/wp-content\/uploads\/2024\/06\/DiscoverAvondaleOrchard_article_june24-2.jpg\",\"width\":1280,\"height\":720},{\"@type\":\"BreadcrumbList\",\"@id\":\"https:\/\/savoureaston.ca\/fr\/article\/a-la-decouverte-du-verger-davondale-retablir-le-lien-avec-la-terre-a-avondale\/#breadcrumb\",\"itemListElement\":[{\"@type\":\"ListItem\",\"position\":1,\"name\":\"Home\",\"item\":\"https:\/\/savoureaston.ca\/fr\/\"},{\"@type\":\"ListItem\",\"position\":2,\"name\":\"D\u00e9couvrez Le Verger d&rsquo;Avondale\"}]},{\"@type\":\"WebSite\",\"@id\":\"https:\/\/savoureaston.ca\/fr\/#website\",\"url\":\"https:\/\/savoureaston.ca\/fr\/\",\"name\":\"Savour East Ontario\",\"description\":\"\",\"publisher\":{\"@id\":\"https:\/\/savoureaston.ca\/fr\/#organization\"},\"potentialAction\":[{\"@type\":\"SearchAction\",\"target\":{\"@type\":\"EntryPoint\",\"urlTemplate\":\"https:\/\/savoureaston.ca\/fr\/?s={search_term_string}\"},\"query-input\":{\"@type\":\"PropertyValueSpecification\",\"valueRequired\":true,\"valueName\":\"search_term_string\"}}],\"inLanguage\":\"fr-CA\"},{\"@type\":\"Organization\",\"@id\":\"https:\/\/savoureaston.ca\/fr\/#organization\",\"name\":\"Eastern Ontario Agri-food Network\",\"url\":\"https:\/\/savoureaston.ca\/fr\/\",\"logo\":{\"@type\":\"ImageObject\",\"inLanguage\":\"fr-CA\",\"@id\":\"https:\/\/savoureaston.ca\/fr\/#\/schema\/logo\/image\/\",\"url\":\"https:\/\/savoureaston.ca\/wp-content\/uploads\/2023\/01\/SE-ON-logo-long-solide.png\",\"contentUrl\":\"https:\/\/savoureaston.ca\/wp-content\/uploads\/2023\/01\/SE-ON-logo-long-solide.png\",\"width\":2788,\"height\":1376,\"caption\":\"Eastern Ontario Agri-food Network\"},\"image\":{\"@id\":\"https:\/\/savoureaston.ca\/fr\/#\/schema\/logo\/image\/\"},\"sameAs\":[\"https:\/\/www.facebook.com\/EastON.EstON\"]}]}<\/script>\n<!-- \/ Yoast SEO plugin. -->","yoast_head_json":{"title":"D\u00e9couvrez Le Verger d'Avondale - Savour East Ontario","robots":{"index":"index","follow":"follow","max-snippet":"max-snippet:-1","max-image-preview":"max-image-preview:large","max-video-preview":"max-video-preview:-1"},"canonical":"https:\/\/savoureaston.ca\/fr\/article\/a-la-decouverte-du-verger-davondale-retablir-le-lien-avec-la-terre-a-avondale\/","og_locale":"fr_CA","og_type":"article","og_title":"D\u00e9couvrez Le Verger d'Avondale - Savour East Ontario","og_description":"Dany Vaillancourt, originaire de Saguenay, et V\u00e9ronique Gerland, native de Provence, forment un couple atypique qui a fait le choix courageux de renouer avec leurs racines agricoles. Bien que n\u00e9s en milieu urbain, leurs familles avaient conserv\u00e9 certaines traditions agricoles, comme la cueillette et le potager, t\u00e9moignant des derniers liens avec la terre dans un [&hellip;]","og_url":"https:\/\/savoureaston.ca\/fr\/article\/a-la-decouverte-du-verger-davondale-retablir-le-lien-avec-la-terre-a-avondale\/","og_site_name":"Savour East Ontario","article_publisher":"https:\/\/www.facebook.com\/EastON.EstON","article_modified_time":"2024-07-02T14:49:05+00:00","og_image":[{"width":1280,"height":720,"url":"https:\/\/savoureaston.ca\/wp-content\/uploads\/2024\/06\/DiscoverAvondaleOrchard_article_june24-2.jpg","type":"image\/jpeg"}],"twitter_card":"summary_large_image","twitter_misc":{"Estimation du temps de lecture":"4 minutes"},"schema":{"@context":"https:\/\/schema.org","@graph":[{"@type":"WebPage","@id":"https:\/\/savoureaston.ca\/fr\/article\/a-la-decouverte-du-verger-davondale-retablir-le-lien-avec-la-terre-a-avondale\/","url":"https:\/\/savoureaston.ca\/fr\/article\/a-la-decouverte-du-verger-davondale-retablir-le-lien-avec-la-terre-a-avondale\/","name":"D\u00e9couvrez Le Verger d'Avondale - Savour East Ontario","isPartOf":{"@id":"https:\/\/savoureaston.ca\/fr\/#website"},"primaryImageOfPage":{"@id":"https:\/\/savoureaston.ca\/fr\/article\/a-la-decouverte-du-verger-davondale-retablir-le-lien-avec-la-terre-a-avondale\/#primaryimage"},"image":{"@id":"https:\/\/savoureaston.ca\/fr\/article\/a-la-decouverte-du-verger-davondale-retablir-le-lien-avec-la-terre-a-avondale\/#primaryimage"},"thumbnailUrl":"https:\/\/savoureaston.ca\/wp-content\/uploads\/2024\/06\/DiscoverAvondaleOrchard_article_june24-2.jpg","datePublished":"2024-06-27T15:01:02+00:00","dateModified":"2024-07-02T14:49:05+00:00","breadcrumb":{"@id":"https:\/\/savoureaston.ca\/fr\/article\/a-la-decouverte-du-verger-davondale-retablir-le-lien-avec-la-terre-a-avondale\/#breadcrumb"},"inLanguage":"fr-CA","potentialAction":[{"@type":"ReadAction","target":["https:\/\/savoureaston.ca\/fr\/article\/a-la-decouverte-du-verger-davondale-retablir-le-lien-avec-la-terre-a-avondale\/"]}]},{"@type":"ImageObject","inLanguage":"fr-CA","@id":"https:\/\/savoureaston.ca\/fr\/article\/a-la-decouverte-du-verger-davondale-retablir-le-lien-avec-la-terre-a-avondale\/#primaryimage","url":"https:\/\/savoureaston.ca\/wp-content\/uploads\/2024\/06\/DiscoverAvondaleOrchard_article_june24-2.jpg","contentUrl":"https:\/\/savoureaston.ca\/wp-content\/uploads\/2024\/06\/DiscoverAvondaleOrchard_article_june24-2.jpg","width":1280,"height":720},{"@type":"BreadcrumbList","@id":"https:\/\/savoureaston.ca\/fr\/article\/a-la-decouverte-du-verger-davondale-retablir-le-lien-avec-la-terre-a-avondale\/#breadcrumb","itemListElement":[{"@type":"ListItem","position":1,"name":"Home","item":"https:\/\/savoureaston.ca\/fr\/"},{"@type":"ListItem","position":2,"name":"D\u00e9couvrez Le Verger d&rsquo;Avondale"}]},{"@type":"WebSite","@id":"https:\/\/savoureaston.ca\/fr\/#website","url":"https:\/\/savoureaston.ca\/fr\/","name":"Savour East Ontario","description":"","publisher":{"@id":"https:\/\/savoureaston.ca\/fr\/#organization"},"potentialAction":[{"@type":"SearchAction","target":{"@type":"EntryPoint","urlTemplate":"https:\/\/savoureaston.ca\/fr\/?s={search_term_string}"},"query-input":{"@type":"PropertyValueSpecification","valueRequired":true,"valueName":"search_term_string"}}],"inLanguage":"fr-CA"},{"@type":"Organization","@id":"https:\/\/savoureaston.ca\/fr\/#organization","name":"Eastern Ontario Agri-food Network","url":"https:\/\/savoureaston.ca\/fr\/","logo":{"@type":"ImageObject","inLanguage":"fr-CA","@id":"https:\/\/savoureaston.ca\/fr\/#\/schema\/logo\/image\/","url":"https:\/\/savoureaston.ca\/wp-content\/uploads\/2023\/01\/SE-ON-logo-long-solide.png","contentUrl":"https:\/\/savoureaston.ca\/wp-content\/uploads\/2023\/01\/SE-ON-logo-long-solide.png","width":2788,"height":1376,"caption":"Eastern Ontario Agri-food Network"},"image":{"@id":"https:\/\/savoureaston.ca\/fr\/#\/schema\/logo\/image\/"},"sameAs":["https:\/\/www.facebook.com\/EastON.EstON"]}]}},"_links":{"self":[{"href":"https:\/\/savoureaston.ca\/fr\/wp-json\/wp\/v2\/article\/8701","targetHints":{"allow":["GET"]}}],"collection":[{"href":"https:\/\/savoureaston.ca\/fr\/wp-json\/wp\/v2\/article"}],"about":[{"href":"https:\/\/savoureaston.ca\/fr\/wp-json\/wp\/v2\/types\/article"}],"version-history":[{"count":3,"href":"https:\/\/savoureaston.ca\/fr\/wp-json\/wp\/v2\/article\/8701\/revisions"}],"predecessor-version":[{"id":8710,"href":"https:\/\/savoureaston.ca\/fr\/wp-json\/wp\/v2\/article\/8701\/revisions\/8710"}],"wp:featuredmedia":[{"embeddable":true,"href":"https:\/\/savoureaston.ca\/fr\/wp-json\/wp\/v2\/media\/8694"}],"wp:attachment":[{"href":"https:\/\/savoureaston.ca\/fr\/wp-json\/wp\/v2\/media?parent=8701"}],"wp:term":[{"taxonomy":"subject","embeddable":true,"href":"https:\/\/savoureaston.ca\/fr\/wp-json\/wp\/v2\/subject?post=8701"}],"curies":[{"name":"wp","href":"https:\/\/api.w.org\/{rel}","templated":true}]}}